{"id":4741,"date":"2025-12-19T15:20:53","date_gmt":"2025-12-19T14:20:53","guid":{"rendered":"https:\/\/www.perfas.org\/senza-categoria\/delibera-del-consiglio-provinciale-strategia-culturale-e-agenzia-indipendente-per-lindustria-creativa\/"},"modified":"2025-12-19T15:20:53","modified_gmt":"2025-12-19T14:20:53","slug":"delibera-del-consiglio-provinciale-strategia-culturale-e-agenzia-indipendente-per-lindustria-creativa","status":"publish","type":"post","link":"https:\/\/www.perfas.org\/it\/politica-culturale\/delibera-del-consiglio-provinciale-strategia-culturale-e-agenzia-indipendente-per-lindustria-creativa\/","title":{"rendered":"Delibera del Consiglio provinciale: Strategia culturale e agenzia indipendente per l&#8217;industria creativa"},"content":{"rendered":"<p>Accogliamo con grande favore questa decisione! La definizione di una strategia culturale comune per l&#8217;Alto Adige \u00e8 da tempo una nostra grande preoccupazione; negli ultimi anni ci siamo incontrati pi\u00f9 volte con le nostre associazioni partner e abbiamo confrontato le strategie culturali delle grandi citt\u00e0 e delle province\/regioni sul territorio italiano e nelle aree germanofone.  <\/p>\n<p>I vantaggi di una strategia culturale anche e soprattutto per l&#8217;Alto Adige sono evidenti: gi\u00e0 il processo di elaborazione dovrebbe rafforzare la coesione sociale attraverso la riflessione comune su ci\u00f2 che la cultura in Alto Adige \u00e8, dovrebbe essere, pu\u00f2 e potr\u00e0 essere.<\/p>\n<p>Una <strong>strategia culturale ha ripercussioni sia interne che esterne<\/strong>: aiuta a orientare in modo mirato l&#8217;offerta culturale e a definire criteri di finanziamento trasparenti, sostiene noi operatori e operatrici culturali in modo stabile nel tempo, al di l\u00e0 dei singoli mandati legislativi, e presenta la nostra provincia come uno <strong>spazio vitale ed economico innovativo e attraente<\/strong>. Promuove <strong>l&#8217;internazionalizzazione<\/strong> e <strong>la professionalizzazione<\/strong> dell&#8217;industria creativa, che racchiude un enorme potenziale per il futuro. <\/p>\n<p>Anche l\u2019idea di un\u2019<strong>agenzia indipendente e interdisciplinare per l&#8217;industria creativa<\/strong> \u00e8 da tempo da noi sostenuta e ne abbiamo fatto menzione in diverse occasioni d\u2019incontro con istituzioni e amministrazione.<\/p>\n<p>Su entrambi di questi grandi temi abbiamo gi\u00e0 offerto la nostra collaborazione all\u2019amministrazione e agli organi politici. \u00c8 fondamentale che una strategia culturale nasca dalla collaborazione con il maggior numero possibile di stakeholder e attraverso un processo partecipativo gestito in modo professionale e indipendente. A tal fine sarebbe sicuramente adatta un&#8217;agenzia che abbia esperienza con societ\u00e0 multilingui e culturalmente eterogenee e che, come noi, consideri la complessit\u00e0 del panorama culturale altoatesino (gruppi linguistici, campagna &gt;-&lt; citt\u00e0, ecc.) come una ricchezza.  <\/p>\n","protected":false},"excerpt":{"rendered":"<p>Accogliamo con grande favore questa decisione! La definizione di una strategia culturale comune per l&#8217;Alto Adige \u00e8 da tempo una nostra grande preoccupazione; negli ultimi anni ci siamo incontrati pi\u00f9 volte con le nostre associazioni partner e abbiamo confrontato le strategie culturali delle grandi citt\u00e0 e delle province\/regioni sul territorio italiano e nelle aree germanofone. [&hellip;]<\/p>\n","protected":false},"author":4,"featured_media":4740,"comment_status":"closed","ping_status":"closed","sticky":false,"template":"","format":"standard","meta":{"_acf_changed":false,"footnotes":""},"categories":[47,94,49],"tags":[],"class_list":["post-4741","post","type-post","status-publish","format-standard","has-post-thumbnail","hentry","category-community-it","category-politica-culturale","category-society-it"],"acf":[],"yoast_head":"<!-- This site is optimized with the Yoast SEO plugin v27.5 - https:\/\/yoast.com\/product\/yoast-seo-wordpress\/ -->\n<title>Delibera del Consiglio provinciale: Strategia culturale e agenzia indipendente per l&#039;industria creativa - Perfas - Performing Artists Association South Tyrol<\/title>\n<meta name=\"robots\" content=\"index, follow, max-snippet:-1, max-image-preview:large, max-video-preview:-1\" \/>\n<link rel=\"canonical\" href=\"https:\/\/www.perfas.org\/it\/politica-culturale\/delibera-del-consiglio-provinciale-strategia-culturale-e-agenzia-indipendente-per-lindustria-creativa\/\" \/>\n<meta property=\"og:locale\" content=\"it_IT\" \/>\n<meta property=\"og:type\" content=\"article\" \/>\n<meta property=\"og:title\" content=\"Delibera del Consiglio provinciale: Strategia culturale e agenzia indipendente per l&#039;industria creativa - Perfas - Performing Artists Association South Tyrol\" \/>\n<meta property=\"og:description\" content=\"Accogliamo con grande favore questa decisione! La definizione di una strategia culturale comune per l&#8217;Alto Adige \u00e8 da tempo una nostra grande preoccupazione; negli ultimi anni ci siamo incontrati pi\u00f9 volte con le nostre associazioni partner e abbiamo confrontato le strategie culturali delle grandi citt\u00e0 e delle province\/regioni sul territorio italiano e nelle aree germanofone. [&hellip;]\" \/>\n<meta property=\"og:url\" content=\"https:\/\/www.perfas.org\/it\/politica-culturale\/delibera-del-consiglio-provinciale-strategia-culturale-e-agenzia-indipendente-per-lindustria-creativa\/\" \/>\n<meta property=\"og:site_name\" content=\"Perfas - Performing Artists Association South Tyrol\" \/>\n<meta property=\"article:publisher\" content=\"https:\/\/www.facebook.com\/perfassouthtyrol\" \/>\n<meta property=\"article:published_time\" content=\"2025-12-19T14:20:53+00:00\" \/>\n<meta property=\"og:image\" content=\"https:\/\/www.perfas.org\/wp-content\/uploads\/2025\/12\/landtag.jpg\" \/>\n\t<meta property=\"og:image:width\" content=\"2100\" \/>\n\t<meta property=\"og:image:height\" content=\"1181\" \/>\n\t<meta property=\"og:image:type\" content=\"image\/jpeg\" \/>\n<meta name=\"author\" content=\"mr-president\" \/>\n<meta name=\"twitter:card\" content=\"summary_large_image\" \/>\n<meta name=\"twitter:label1\" content=\"Scritto da\" \/>\n\t<meta name=\"twitter:data1\" content=\"mr-president\" \/>\n\t<meta name=\"twitter:label2\" content=\"Tempo di lettura stimato\" \/>\n\t<meta name=\"twitter:data2\" content=\"1 minuto\" \/>\n<script type=\"application\/ld+json\" class=\"yoast-schema-graph\">{\"@context\":\"https:\\\/\\\/schema.org\",\"@graph\":[{\"@type\":\"Article\",\"@id\":\"https:\\\/\\\/www.perfas.org\\\/it\\\/politica-culturale\\\/delibera-del-consiglio-provinciale-strategia-culturale-e-agenzia-indipendente-per-lindustria-creativa\\\/#article\",\"isPartOf\":{\"@id\":\"https:\\\/\\\/www.perfas.org\\\/it\\\/politica-culturale\\\/delibera-del-consiglio-provinciale-strategia-culturale-e-agenzia-indipendente-per-lindustria-creativa\\\/\"},\"author\":{\"name\":\"mr-president\",\"@id\":\"https:\\\/\\\/www.perfas.org\\\/it\\\/#\\\/schema\\\/person\\\/07933d87112463e676d2fd1db1e0472e\"},\"headline\":\"Delibera del Consiglio provinciale: Strategia culturale e agenzia indipendente per l&#8217;industria creativa\",\"datePublished\":\"2025-12-19T14:20:53+00:00\",\"mainEntityOfPage\":{\"@id\":\"https:\\\/\\\/www.perfas.org\\\/it\\\/politica-culturale\\\/delibera-del-consiglio-provinciale-strategia-culturale-e-agenzia-indipendente-per-lindustria-creativa\\\/\"},\"wordCount\":301,\"publisher\":{\"@id\":\"https:\\\/\\\/www.perfas.org\\\/it\\\/#organization\"},\"image\":{\"@id\":\"https:\\\/\\\/www.perfas.org\\\/it\\\/politica-culturale\\\/delibera-del-consiglio-provinciale-strategia-culturale-e-agenzia-indipendente-per-lindustria-creativa\\\/#primaryimage\"},\"thumbnailUrl\":\"https:\\\/\\\/www.perfas.org\\\/wp-content\\\/uploads\\\/2025\\\/12\\\/landtag.jpg\",\"articleSection\":[\"Community\",\"Politica culturale\",\"Society\"],\"inLanguage\":\"it-IT\"},{\"@type\":\"WebPage\",\"@id\":\"https:\\\/\\\/www.perfas.org\\\/it\\\/politica-culturale\\\/delibera-del-consiglio-provinciale-strategia-culturale-e-agenzia-indipendente-per-lindustria-creativa\\\/\",\"url\":\"https:\\\/\\\/www.perfas.org\\\/it\\\/politica-culturale\\\/delibera-del-consiglio-provinciale-strategia-culturale-e-agenzia-indipendente-per-lindustria-creativa\\\/\",\"name\":\"Delibera del Consiglio provinciale: Strategia culturale e agenzia indipendente per l'industria creativa - Perfas - Performing Artists Association South Tyrol\",\"isPartOf\":{\"@id\":\"https:\\\/\\\/www.perfas.org\\\/it\\\/#website\"},\"primaryImageOfPage\":{\"@id\":\"https:\\\/\\\/www.perfas.org\\\/it\\\/politica-culturale\\\/delibera-del-consiglio-provinciale-strategia-culturale-e-agenzia-indipendente-per-lindustria-creativa\\\/#primaryimage\"},\"image\":{\"@id\":\"https:\\\/\\\/www.perfas.org\\\/it\\\/politica-culturale\\\/delibera-del-consiglio-provinciale-strategia-culturale-e-agenzia-indipendente-per-lindustria-creativa\\\/#primaryimage\"},\"thumbnailUrl\":\"https:\\\/\\\/www.perfas.org\\\/wp-content\\\/uploads\\\/2025\\\/12\\\/landtag.jpg\",\"datePublished\":\"2025-12-19T14:20:53+00:00\",\"breadcrumb\":{\"@id\":\"https:\\\/\\\/www.perfas.org\\\/it\\\/politica-culturale\\\/delibera-del-consiglio-provinciale-strategia-culturale-e-agenzia-indipendente-per-lindustria-creativa\\\/#breadcrumb\"},\"inLanguage\":\"it-IT\",\"potentialAction\":[{\"@type\":\"ReadAction\",\"target\":[\"https:\\\/\\\/www.perfas.org\\\/it\\\/politica-culturale\\\/delibera-del-consiglio-provinciale-strategia-culturale-e-agenzia-indipendente-per-lindustria-creativa\\\/\"]}]},{\"@type\":\"ImageObject\",\"inLanguage\":\"it-IT\",\"@id\":\"https:\\\/\\\/www.perfas.org\\\/it\\\/politica-culturale\\\/delibera-del-consiglio-provinciale-strategia-culturale-e-agenzia-indipendente-per-lindustria-creativa\\\/#primaryimage\",\"url\":\"https:\\\/\\\/www.perfas.org\\\/wp-content\\\/uploads\\\/2025\\\/12\\\/landtag.jpg\",\"contentUrl\":\"https:\\\/\\\/www.perfas.org\\\/wp-content\\\/uploads\\\/2025\\\/12\\\/landtag.jpg\",\"width\":2100,\"height\":1181,\"caption\":\"S\u00fcdtiroler Landtag - Consiglio della Provincia autonoma di Bolzano\"},{\"@type\":\"BreadcrumbList\",\"@id\":\"https:\\\/\\\/www.perfas.org\\\/it\\\/politica-culturale\\\/delibera-del-consiglio-provinciale-strategia-culturale-e-agenzia-indipendente-per-lindustria-creativa\\\/#breadcrumb\",\"itemListElement\":[{\"@type\":\"ListItem\",\"position\":1,\"name\":\"Home\",\"item\":\"https:\\\/\\\/www.perfas.org\\\/it\\\/home\\\/\"},{\"@type\":\"ListItem\",\"position\":2,\"name\":\"Delibera del Consiglio provinciale: Strategia culturale e agenzia indipendente per l&#8217;industria creativa\"}]},{\"@type\":\"WebSite\",\"@id\":\"https:\\\/\\\/www.perfas.org\\\/it\\\/#website\",\"url\":\"https:\\\/\\\/www.perfas.org\\\/it\\\/\",\"name\":\"Perfas - Performing Artists Association South Tyrol\",\"description\":\"Performing Artists Association South Tyrol\",\"publisher\":{\"@id\":\"https:\\\/\\\/www.perfas.org\\\/it\\\/#organization\"},\"potentialAction\":[{\"@type\":\"SearchAction\",\"target\":{\"@type\":\"EntryPoint\",\"urlTemplate\":\"https:\\\/\\\/www.perfas.org\\\/it\\\/?s={search_term_string}\"},\"query-input\":{\"@type\":\"PropertyValueSpecification\",\"valueRequired\":true,\"valueName\":\"search_term_string\"}}],\"inLanguage\":\"it-IT\"},{\"@type\":\"Organization\",\"@id\":\"https:\\\/\\\/www.perfas.org\\\/it\\\/#organization\",\"name\":\"Perfas - Performing Artists Association South Tyrol\",\"url\":\"https:\\\/\\\/www.perfas.org\\\/it\\\/\",\"logo\":{\"@type\":\"ImageObject\",\"inLanguage\":\"it-IT\",\"@id\":\"https:\\\/\\\/www.perfas.org\\\/it\\\/#\\\/schema\\\/logo\\\/image\\\/\",\"url\":\"https:\\\/\\\/www.perfas.org\\\/wp-content\\\/uploads\\\/2025\\\/04\\\/Perfas-Sharing-Logo.jpg\",\"contentUrl\":\"https:\\\/\\\/www.perfas.org\\\/wp-content\\\/uploads\\\/2025\\\/04\\\/Perfas-Sharing-Logo.jpg\",\"width\":1800,\"height\":1200,\"caption\":\"Perfas - Performing Artists Association South Tyrol\"},\"image\":{\"@id\":\"https:\\\/\\\/www.perfas.org\\\/it\\\/#\\\/schema\\\/logo\\\/image\\\/\"},\"sameAs\":[\"https:\\\/\\\/www.facebook.com\\\/perfassouthtyrol\",\"https:\\\/\\\/www.instagram.com\\\/perfassouthtyrol\\\/?fbclid=IwY2xjawJja09leHRuA2FlbQIxMAABHnKfgxnFvyAn9_XWaByWHKh1pgm0WtwT-dMrkGxbQ75I2_VDz7TphhqT_hv4_aem_SS04VcZmda7xdoUSx56hCg#\"]},{\"@type\":\"Person\",\"@id\":\"https:\\\/\\\/www.perfas.org\\\/it\\\/#\\\/schema\\\/person\\\/07933d87112463e676d2fd1db1e0472e\",\"name\":\"mr-president\",\"image\":{\"@type\":\"ImageObject\",\"inLanguage\":\"it-IT\",\"@id\":\"https:\\\/\\\/secure.gravatar.com\\\/avatar\\\/76b52fb8764cdb0f95ba8e28b29f47ac849cbeb8b5bc7b55aa910d7c874e0788?s=96&d=mm&r=g\",\"url\":\"https:\\\/\\\/secure.gravatar.com\\\/avatar\\\/76b52fb8764cdb0f95ba8e28b29f47ac849cbeb8b5bc7b55aa910d7c874e0788?s=96&d=mm&r=g\",\"contentUrl\":\"https:\\\/\\\/secure.gravatar.com\\\/avatar\\\/76b52fb8764cdb0f95ba8e28b29f47ac849cbeb8b5bc7b55aa910d7c874e0788?s=96&d=mm&r=g\",\"caption\":\"mr-president\"},\"url\":\"https:\\\/\\\/www.perfas.org\\\/it\\\/author\\\/peter-schorn\\\/\"}]}<\/script>\n<!-- \/ Yoast SEO plugin. -->","yoast_head_json":{"title":"Delibera del Consiglio provinciale: Strategia culturale e agenzia indipendente per l'industria creativa - Perfas - Performing Artists Association South Tyrol","robots":{"index":"index","follow":"follow","max-snippet":"max-snippet:-1","max-image-preview":"max-image-preview:large","max-video-preview":"max-video-preview:-1"},"canonical":"https:\/\/www.perfas.org\/it\/politica-culturale\/delibera-del-consiglio-provinciale-strategia-culturale-e-agenzia-indipendente-per-lindustria-creativa\/","og_locale":"it_IT","og_type":"article","og_title":"Delibera del Consiglio provinciale: Strategia culturale e agenzia indipendente per l'industria creativa - Perfas - Performing Artists Association South Tyrol","og_description":"Accogliamo con grande favore questa decisione! La definizione di una strategia culturale comune per l&#8217;Alto Adige \u00e8 da tempo una nostra grande preoccupazione; negli ultimi anni ci siamo incontrati pi\u00f9 volte con le nostre associazioni partner e abbiamo confrontato le strategie culturali delle grandi citt\u00e0 e delle province\/regioni sul territorio italiano e nelle aree germanofone. [&hellip;]","og_url":"https:\/\/www.perfas.org\/it\/politica-culturale\/delibera-del-consiglio-provinciale-strategia-culturale-e-agenzia-indipendente-per-lindustria-creativa\/","og_site_name":"Perfas - Performing Artists Association South Tyrol","article_publisher":"https:\/\/www.facebook.com\/perfassouthtyrol","article_published_time":"2025-12-19T14:20:53+00:00","og_image":[{"width":2100,"height":1181,"url":"https:\/\/www.perfas.org\/wp-content\/uploads\/2025\/12\/landtag.jpg","type":"image\/jpeg"}],"author":"mr-president","twitter_card":"summary_large_image","twitter_misc":{"Scritto da":"mr-president","Tempo di lettura stimato":"1 minuto"},"schema":{"@context":"https:\/\/schema.org","@graph":[{"@type":"Article","@id":"https:\/\/www.perfas.org\/it\/politica-culturale\/delibera-del-consiglio-provinciale-strategia-culturale-e-agenzia-indipendente-per-lindustria-creativa\/#article","isPartOf":{"@id":"https:\/\/www.perfas.org\/it\/politica-culturale\/delibera-del-consiglio-provinciale-strategia-culturale-e-agenzia-indipendente-per-lindustria-creativa\/"},"author":{"name":"mr-president","@id":"https:\/\/www.perfas.org\/it\/#\/schema\/person\/07933d87112463e676d2fd1db1e0472e"},"headline":"Delibera del Consiglio provinciale: Strategia culturale e agenzia indipendente per l&#8217;industria creativa","datePublished":"2025-12-19T14:20:53+00:00","mainEntityOfPage":{"@id":"https:\/\/www.perfas.org\/it\/politica-culturale\/delibera-del-consiglio-provinciale-strategia-culturale-e-agenzia-indipendente-per-lindustria-creativa\/"},"wordCount":301,"publisher":{"@id":"https:\/\/www.perfas.org\/it\/#organization"},"image":{"@id":"https:\/\/www.perfas.org\/it\/politica-culturale\/delibera-del-consiglio-provinciale-strategia-culturale-e-agenzia-indipendente-per-lindustria-creativa\/#primaryimage"},"thumbnailUrl":"https:\/\/www.perfas.org\/wp-content\/uploads\/2025\/12\/landtag.jpg","articleSection":["Community","Politica culturale","Society"],"inLanguage":"it-IT"},{"@type":"WebPage","@id":"https:\/\/www.perfas.org\/it\/politica-culturale\/delibera-del-consiglio-provinciale-strategia-culturale-e-agenzia-indipendente-per-lindustria-creativa\/","url":"https:\/\/www.perfas.org\/it\/politica-culturale\/delibera-del-consiglio-provinciale-strategia-culturale-e-agenzia-indipendente-per-lindustria-creativa\/","name":"Delibera del Consiglio provinciale: Strategia culturale e agenzia indipendente per l'industria creativa - Perfas - Performing Artists Association South Tyrol","isPartOf":{"@id":"https:\/\/www.perfas.org\/it\/#website"},"primaryImageOfPage":{"@id":"https:\/\/www.perfas.org\/it\/politica-culturale\/delibera-del-consiglio-provinciale-strategia-culturale-e-agenzia-indipendente-per-lindustria-creativa\/#primaryimage"},"image":{"@id":"https:\/\/www.perfas.org\/it\/politica-culturale\/delibera-del-consiglio-provinciale-strategia-culturale-e-agenzia-indipendente-per-lindustria-creativa\/#primaryimage"},"thumbnailUrl":"https:\/\/www.perfas.org\/wp-content\/uploads\/2025\/12\/landtag.jpg","datePublished":"2025-12-19T14:20:53+00:00","breadcrumb":{"@id":"https:\/\/www.perfas.org\/it\/politica-culturale\/delibera-del-consiglio-provinciale-strategia-culturale-e-agenzia-indipendente-per-lindustria-creativa\/#breadcrumb"},"inLanguage":"it-IT","potentialAction":[{"@type":"ReadAction","target":["https:\/\/www.perfas.org\/it\/politica-culturale\/delibera-del-consiglio-provinciale-strategia-culturale-e-agenzia-indipendente-per-lindustria-creativa\/"]}]},{"@type":"ImageObject","inLanguage":"it-IT","@id":"https:\/\/www.perfas.org\/it\/politica-culturale\/delibera-del-consiglio-provinciale-strategia-culturale-e-agenzia-indipendente-per-lindustria-creativa\/#primaryimage","url":"https:\/\/www.perfas.org\/wp-content\/uploads\/2025\/12\/landtag.jpg","contentUrl":"https:\/\/www.perfas.org\/wp-content\/uploads\/2025\/12\/landtag.jpg","width":2100,"height":1181,"caption":"S\u00fcdtiroler Landtag - Consiglio della Provincia autonoma di Bolzano"},{"@type":"BreadcrumbList","@id":"https:\/\/www.perfas.org\/it\/politica-culturale\/delibera-del-consiglio-provinciale-strategia-culturale-e-agenzia-indipendente-per-lindustria-creativa\/#breadcrumb","itemListElement":[{"@type":"ListItem","position":1,"name":"Home","item":"https:\/\/www.perfas.org\/it\/home\/"},{"@type":"ListItem","position":2,"name":"Delibera del Consiglio provinciale: Strategia culturale e agenzia indipendente per l&#8217;industria creativa"}]},{"@type":"WebSite","@id":"https:\/\/www.perfas.org\/it\/#website","url":"https:\/\/www.perfas.org\/it\/","name":"Perfas - Performing Artists Association South Tyrol","description":"Performing Artists Association South Tyrol","publisher":{"@id":"https:\/\/www.perfas.org\/it\/#organization"},"potentialAction":[{"@type":"SearchAction","target":{"@type":"EntryPoint","urlTemplate":"https:\/\/www.perfas.org\/it\/?s={search_term_string}"},"query-input":{"@type":"PropertyValueSpecification","valueRequired":true,"valueName":"search_term_string"}}],"inLanguage":"it-IT"},{"@type":"Organization","@id":"https:\/\/www.perfas.org\/it\/#organization","name":"Perfas - Performing Artists Association South Tyrol","url":"https:\/\/www.perfas.org\/it\/","logo":{"@type":"ImageObject","inLanguage":"it-IT","@id":"https:\/\/www.perfas.org\/it\/#\/schema\/logo\/image\/","url":"https:\/\/www.perfas.org\/wp-content\/uploads\/2025\/04\/Perfas-Sharing-Logo.jpg","contentUrl":"https:\/\/www.perfas.org\/wp-content\/uploads\/2025\/04\/Perfas-Sharing-Logo.jpg","width":1800,"height":1200,"caption":"Perfas - Performing Artists Association South Tyrol"},"image":{"@id":"https:\/\/www.perfas.org\/it\/#\/schema\/logo\/image\/"},"sameAs":["https:\/\/www.facebook.com\/perfassouthtyrol","https:\/\/www.instagram.com\/perfassouthtyrol\/?fbclid=IwY2xjawJja09leHRuA2FlbQIxMAABHnKfgxnFvyAn9_XWaByWHKh1pgm0WtwT-dMrkGxbQ75I2_VDz7TphhqT_hv4_aem_SS04VcZmda7xdoUSx56hCg#"]},{"@type":"Person","@id":"https:\/\/www.perfas.org\/it\/#\/schema\/person\/07933d87112463e676d2fd1db1e0472e","name":"mr-president","image":{"@type":"ImageObject","inLanguage":"it-IT","@id":"https:\/\/secure.gravatar.com\/avatar\/76b52fb8764cdb0f95ba8e28b29f47ac849cbeb8b5bc7b55aa910d7c874e0788?s=96&d=mm&r=g","url":"https:\/\/secure.gravatar.com\/avatar\/76b52fb8764cdb0f95ba8e28b29f47ac849cbeb8b5bc7b55aa910d7c874e0788?s=96&d=mm&r=g","contentUrl":"https:\/\/secure.gravatar.com\/avatar\/76b52fb8764cdb0f95ba8e28b29f47ac849cbeb8b5bc7b55aa910d7c874e0788?s=96&d=mm&r=g","caption":"mr-president"},"url":"https:\/\/www.perfas.org\/it\/author\/peter-schorn\/"}]}},"_links":{"self":[{"href":"https:\/\/www.perfas.org\/it\/wp-json\/wp\/v2\/posts\/4741","targetHints":{"allow":["GET"]}}],"collection":[{"href":"https:\/\/www.perfas.org\/it\/wp-json\/wp\/v2\/posts"}],"about":[{"href":"https:\/\/www.perfas.org\/it\/wp-json\/wp\/v2\/types\/post"}],"author":[{"embeddable":true,"href":"https:\/\/www.perfas.org\/it\/wp-json\/wp\/v2\/users\/4"}],"replies":[{"embeddable":true,"href":"https:\/\/www.perfas.org\/it\/wp-json\/wp\/v2\/comments?post=4741"}],"version-history":[{"count":0,"href":"https:\/\/www.perfas.org\/it\/wp-json\/wp\/v2\/posts\/4741\/revisions"}],"wp:featuredmedia":[{"embeddable":true,"href":"https:\/\/www.perfas.org\/it\/wp-json\/wp\/v2\/media\/4740"}],"wp:attachment":[{"href":"https:\/\/www.perfas.org\/it\/wp-json\/wp\/v2\/media?parent=4741"}],"wp:term":[{"taxonomy":"category","embeddable":true,"href":"https:\/\/www.perfas.org\/it\/wp-json\/wp\/v2\/categories?post=4741"},{"taxonomy":"post_tag","embeddable":true,"href":"https:\/\/www.perfas.org\/it\/wp-json\/wp\/v2\/tags?post=4741"}],"curies":[{"name":"wp","href":"https:\/\/api.w.org\/{rel}","templated":true}]}}