{"id":4069,"date":"2025-05-08T10:23:17","date_gmt":"2025-05-08T08:23:17","guid":{"rendered":"https:\/\/www.perfas.org\/senza-categoria\/eaipa-politics-in-focus-3-l8-maggio-social-responsability-of-art\/"},"modified":"2025-05-08T10:23:17","modified_gmt":"2025-05-08T08:23:17","slug":"eaipa-politics-in-focus-3-l8-maggio-social-responsability-of-art","status":"publish","type":"post","link":"https:\/\/www.perfas.org\/it\/community-it\/eaipa-politics-in-focus-3-l8-maggio-social-responsability-of-art\/","title":{"rendered":"EAIPA Politics in Focus #3 l&#8217;8 maggio: &#8220;Social Responsability of Art&#8221;"},"content":{"rendered":"<p>In un recente comunicato sulle condizioni di lavoro dell\u0259 artist\u0259, l&#8217;Unione Europea ha ribadito il proprio impegno a sostenere la libert\u00e0 artistica in tutti i Paesi membri. Tuttavia, poich\u00e9 i <strong>dibattiti culturali sono diventati sempre pi\u00f9 politicizzati<\/strong>, soprattutto nei Paesi con governi pi\u00f9 autoritari, il <strong>ruolo dell&#8217;artista come agente sociale deve essere riesaminato<\/strong>: Che responsabilit\u00e0 ha l&#8217;artista nel creare la propria arte? I progetti artistici devono affrontare i problemi delle loro comunit\u00e0 o l&#8217;arte deve essere un luogo di rifugio? Pu\u00f2 essere entrambe le cose? Queste e altre domande saranno discusse da artist\u0259 e accademici che lavorano nel settore delle arti performative indipendenti.    <\/p>\n<p>Programma:<\/p>\n<ul>\n<li><strong>Il ruolo dell&#8217;arte in tempo di guerra<br \/>\n<\/strong><strong>Alex Borovenskiy<\/strong> (ProEnglish theatre Kyiv) in conversazione con <strong>Luiza Moroz<\/strong> (Policy Adviser di Culture Action Europe) e <strong>Roman Schell<\/strong> (giornalista e autore) condividono le loro riflessioni ed esperienze sul significato che le arti e la cultura hanno per la societ\u00e0 civile e l&#8217;identit\u00e0 nazionale in tempo di guerra.<\/li>\n<li><strong>Il potere politico dell&#8217;arte nel contesto regionale<\/strong><br \/>\n<strong>Martin Naundorf<\/strong> cura il <strong>&#8220;Festival OSTEN&#8221;<\/strong> in una zona della Germania nota per essere politicamente di &#8220;estrema destra&#8221;. <strong>Daniele Marannano<\/strong> \u00e8 il coordinatore di <strong>&#8220;Addiopizzo&#8221;<\/strong>, un movimento di base a Palermo che promuove una &#8220;rivoluzione culturale&#8221; contro la mafia e sostiene la giustizia sociale. Entrambi gli interlocutori condivideranno le loro riflessioni ed esperienze su come l&#8217;arte e la cultura possano avere un impatto sulla coesione sociale in un contesto regionale.<br \/>\nIl nostro direttore PERFAS <strong>Thomas Maniacco<\/strong> parteciper\u00e0 come interprete.. <\/li>\n<li><strong>L&#8217;influenza dei centri culturali sulla popolazione urbana locale<\/strong><br \/>\n<strong>Thomas Kasebacher<\/strong> cura la <strong>&#8220;casa della Repubblica&#8221; <\/strong>durante il <strong>Festival di Vienna (Wiener Festwochen).<\/strong> <strong>Franky Devos<\/strong> \u00e8 il direttore del <strong>Kunstencentrum VIERNULVIER<\/strong>. Una realt\u00e0 esiste solo per la durata di un festival, l&#8217;altra ha un programma per tutto l&#8217;anno e una grande struttura permanente. Entrambi i relatori condivideranno le loro riflessioni sull&#8217;accessibilit\u00e0, le gerarchie e l&#8217;impatto sociale che i loro centri culturali hanno sulla popolazione urbana locale.  <\/li>\n<\/ul>\n<p>L&#8217;evento \u00e8 in inglese e sar\u00e0 moderato da <strong>Christian Keller<\/strong>.<\/p>\n<p>La partecipazione \u00e8 gratuita. <a href=\"https:\/\/www.termino.gv.at\/meet\/b\/2244b4a80ef9b62e793c0a8453635fd4-375104\" target=\"_blank\" rel=\"noopener\">Per partecipare registratevi qui.<\/a><\/p>\n","protected":false},"excerpt":{"rendered":"<p>In un recente comunicato sulle condizioni di lavoro dell\u0259 artist\u0259, l&#8217;Unione Europea ha ribadito il proprio impegno a sostenere la libert\u00e0 artistica in tutti i Paesi membri. Tuttavia, poich\u00e9 i dibattiti culturali sono diventati sempre pi\u00f9 politicizzati, soprattutto nei Paesi con governi pi\u00f9 autoritari, il ruolo dell&#8217;artista come agente sociale deve essere riesaminato: Che responsabilit\u00e0 [&hellip;]<\/p>\n","protected":false},"author":4,"featured_media":4064,"comment_status":"closed","ping_status":"closed","sticky":false,"template":"","format":"standard","meta":{"_acf_changed":false,"footnotes":""},"categories":[47,63,49],"tags":[],"class_list":["post-4069","post","type-post","status-publish","format-standard","has-post-thumbnail","hentry","category-community-it","category-events-it","category-society-it"],"acf":[],"yoast_head":"<!-- This site is optimized with the Yoast SEO plugin v27.5 - https:\/\/yoast.com\/product\/yoast-seo-wordpress\/ -->\n<title>EAIPA Politics in Focus #3 l&#039;8 maggio: &quot;Social Responsability of Art&quot; - Perfas - Performing Artists Association South Tyrol<\/title>\n<meta name=\"robots\" content=\"index, follow, max-snippet:-1, max-image-preview:large, max-video-preview:-1\" \/>\n<link rel=\"canonical\" href=\"https:\/\/www.perfas.org\/it\/community-it\/eaipa-politics-in-focus-3-l8-maggio-social-responsability-of-art\/\" \/>\n<meta property=\"og:locale\" content=\"it_IT\" \/>\n<meta property=\"og:type\" content=\"article\" \/>\n<meta property=\"og:title\" content=\"EAIPA Politics in Focus #3 l&#039;8 maggio: &quot;Social Responsability of Art&quot; - Perfas - Performing Artists Association South Tyrol\" \/>\n<meta property=\"og:description\" content=\"In un recente comunicato sulle condizioni di lavoro dell\u0259 artist\u0259, l&#8217;Unione Europea ha ribadito il proprio impegno a sostenere la libert\u00e0 artistica in tutti i Paesi membri. Tuttavia, poich\u00e9 i dibattiti culturali sono diventati sempre pi\u00f9 politicizzati, soprattutto nei Paesi con governi pi\u00f9 autoritari, il ruolo dell&#8217;artista come agente sociale deve essere riesaminato: Che responsabilit\u00e0 [&hellip;]\" \/>\n<meta property=\"og:url\" content=\"https:\/\/www.perfas.org\/it\/community-it\/eaipa-politics-in-focus-3-l8-maggio-social-responsability-of-art\/\" \/>\n<meta property=\"og:site_name\" content=\"Perfas - Performing Artists Association South Tyrol\" \/>\n<meta property=\"article:publisher\" content=\"https:\/\/www.facebook.com\/perfassouthtyrol\" \/>\n<meta property=\"article:published_time\" content=\"2025-05-08T08:23:17+00:00\" \/>\n<meta property=\"og:image\" content=\"https:\/\/www.perfas.org\/wp-content\/uploads\/2025\/05\/eaipa3.jpg\" \/>\n\t<meta property=\"og:image:width\" content=\"1920\" \/>\n\t<meta property=\"og:image:height\" content=\"1080\" \/>\n\t<meta property=\"og:image:type\" content=\"image\/jpeg\" \/>\n<meta name=\"author\" content=\"mr-president\" \/>\n<meta name=\"twitter:card\" content=\"summary_large_image\" \/>\n<meta name=\"twitter:label1\" content=\"Scritto da\" \/>\n\t<meta name=\"twitter:data1\" content=\"mr-president\" \/>\n\t<meta name=\"twitter:label2\" content=\"Tempo di lettura stimato\" \/>\n\t<meta name=\"twitter:data2\" content=\"2 minuti\" \/>\n<script type=\"application\/ld+json\" class=\"yoast-schema-graph\">{\"@context\":\"https:\\\/\\\/schema.org\",\"@graph\":[{\"@type\":\"Article\",\"@id\":\"https:\\\/\\\/www.perfas.org\\\/it\\\/community-it\\\/eaipa-politics-in-focus-3-l8-maggio-social-responsability-of-art\\\/#article\",\"isPartOf\":{\"@id\":\"https:\\\/\\\/www.perfas.org\\\/it\\\/community-it\\\/eaipa-politics-in-focus-3-l8-maggio-social-responsability-of-art\\\/\"},\"author\":{\"name\":\"mr-president\",\"@id\":\"https:\\\/\\\/www.perfas.org\\\/it\\\/#\\\/schema\\\/person\\\/07933d87112463e676d2fd1db1e0472e\"},\"headline\":\"EAIPA Politics in Focus #3 l&#8217;8 maggio: &#8220;Social Responsability of Art&#8221;\",\"datePublished\":\"2025-05-08T08:23:17+00:00\",\"mainEntityOfPage\":{\"@id\":\"https:\\\/\\\/www.perfas.org\\\/it\\\/community-it\\\/eaipa-politics-in-focus-3-l8-maggio-social-responsability-of-art\\\/\"},\"wordCount\":358,\"publisher\":{\"@id\":\"https:\\\/\\\/www.perfas.org\\\/it\\\/#organization\"},\"image\":{\"@id\":\"https:\\\/\\\/www.perfas.org\\\/it\\\/community-it\\\/eaipa-politics-in-focus-3-l8-maggio-social-responsability-of-art\\\/#primaryimage\"},\"thumbnailUrl\":\"https:\\\/\\\/www.perfas.org\\\/wp-content\\\/uploads\\\/2025\\\/05\\\/eaipa3.jpg\",\"articleSection\":[\"Community\",\"Events\",\"Society\"],\"inLanguage\":\"it-IT\"},{\"@type\":\"WebPage\",\"@id\":\"https:\\\/\\\/www.perfas.org\\\/it\\\/community-it\\\/eaipa-politics-in-focus-3-l8-maggio-social-responsability-of-art\\\/\",\"url\":\"https:\\\/\\\/www.perfas.org\\\/it\\\/community-it\\\/eaipa-politics-in-focus-3-l8-maggio-social-responsability-of-art\\\/\",\"name\":\"EAIPA Politics in Focus #3 l'8 maggio: \\\"Social Responsability of Art\\\" - Perfas - Performing Artists Association South Tyrol\",\"isPartOf\":{\"@id\":\"https:\\\/\\\/www.perfas.org\\\/it\\\/#website\"},\"primaryImageOfPage\":{\"@id\":\"https:\\\/\\\/www.perfas.org\\\/it\\\/community-it\\\/eaipa-politics-in-focus-3-l8-maggio-social-responsability-of-art\\\/#primaryimage\"},\"image\":{\"@id\":\"https:\\\/\\\/www.perfas.org\\\/it\\\/community-it\\\/eaipa-politics-in-focus-3-l8-maggio-social-responsability-of-art\\\/#primaryimage\"},\"thumbnailUrl\":\"https:\\\/\\\/www.perfas.org\\\/wp-content\\\/uploads\\\/2025\\\/05\\\/eaipa3.jpg\",\"datePublished\":\"2025-05-08T08:23:17+00:00\",\"breadcrumb\":{\"@id\":\"https:\\\/\\\/www.perfas.org\\\/it\\\/community-it\\\/eaipa-politics-in-focus-3-l8-maggio-social-responsability-of-art\\\/#breadcrumb\"},\"inLanguage\":\"it-IT\",\"potentialAction\":[{\"@type\":\"ReadAction\",\"target\":[\"https:\\\/\\\/www.perfas.org\\\/it\\\/community-it\\\/eaipa-politics-in-focus-3-l8-maggio-social-responsability-of-art\\\/\"]}]},{\"@type\":\"ImageObject\",\"inLanguage\":\"it-IT\",\"@id\":\"https:\\\/\\\/www.perfas.org\\\/it\\\/community-it\\\/eaipa-politics-in-focus-3-l8-maggio-social-responsability-of-art\\\/#primaryimage\",\"url\":\"https:\\\/\\\/www.perfas.org\\\/wp-content\\\/uploads\\\/2025\\\/05\\\/eaipa3.jpg\",\"contentUrl\":\"https:\\\/\\\/www.perfas.org\\\/wp-content\\\/uploads\\\/2025\\\/05\\\/eaipa3.jpg\",\"width\":1920,\"height\":1080,\"caption\":\"EAIPA Politics in Focus #3\"},{\"@type\":\"BreadcrumbList\",\"@id\":\"https:\\\/\\\/www.perfas.org\\\/it\\\/community-it\\\/eaipa-politics-in-focus-3-l8-maggio-social-responsability-of-art\\\/#breadcrumb\",\"itemListElement\":[{\"@type\":\"ListItem\",\"position\":1,\"name\":\"Home\",\"item\":\"https:\\\/\\\/www.perfas.org\\\/it\\\/home\\\/\"},{\"@type\":\"ListItem\",\"position\":2,\"name\":\"EAIPA Politics in Focus #3 l&#8217;8 maggio: &#8222;Social Responsability of Art&#8220;\"}]},{\"@type\":\"WebSite\",\"@id\":\"https:\\\/\\\/www.perfas.org\\\/it\\\/#website\",\"url\":\"https:\\\/\\\/www.perfas.org\\\/it\\\/\",\"name\":\"Perfas - Performing Artists Association South Tyrol\",\"description\":\"Performing Artists Association South Tyrol\",\"publisher\":{\"@id\":\"https:\\\/\\\/www.perfas.org\\\/it\\\/#organization\"},\"potentialAction\":[{\"@type\":\"SearchAction\",\"target\":{\"@type\":\"EntryPoint\",\"urlTemplate\":\"https:\\\/\\\/www.perfas.org\\\/it\\\/?s={search_term_string}\"},\"query-input\":{\"@type\":\"PropertyValueSpecification\",\"valueRequired\":true,\"valueName\":\"search_term_string\"}}],\"inLanguage\":\"it-IT\"},{\"@type\":\"Organization\",\"@id\":\"https:\\\/\\\/www.perfas.org\\\/it\\\/#organization\",\"name\":\"Perfas - Performing Artists Association South Tyrol\",\"url\":\"https:\\\/\\\/www.perfas.org\\\/it\\\/\",\"logo\":{\"@type\":\"ImageObject\",\"inLanguage\":\"it-IT\",\"@id\":\"https:\\\/\\\/www.perfas.org\\\/it\\\/#\\\/schema\\\/logo\\\/image\\\/\",\"url\":\"https:\\\/\\\/www.perfas.org\\\/wp-content\\\/uploads\\\/2025\\\/04\\\/Perfas-Sharing-Logo.jpg\",\"contentUrl\":\"https:\\\/\\\/www.perfas.org\\\/wp-content\\\/uploads\\\/2025\\\/04\\\/Perfas-Sharing-Logo.jpg\",\"width\":1800,\"height\":1200,\"caption\":\"Perfas - Performing Artists Association South Tyrol\"},\"image\":{\"@id\":\"https:\\\/\\\/www.perfas.org\\\/it\\\/#\\\/schema\\\/logo\\\/image\\\/\"},\"sameAs\":[\"https:\\\/\\\/www.facebook.com\\\/perfassouthtyrol\",\"https:\\\/\\\/www.instagram.com\\\/perfassouthtyrol\\\/?fbclid=IwY2xjawJja09leHRuA2FlbQIxMAABHnKfgxnFvyAn9_XWaByWHKh1pgm0WtwT-dMrkGxbQ75I2_VDz7TphhqT_hv4_aem_SS04VcZmda7xdoUSx56hCg#\"]},{\"@type\":\"Person\",\"@id\":\"https:\\\/\\\/www.perfas.org\\\/it\\\/#\\\/schema\\\/person\\\/07933d87112463e676d2fd1db1e0472e\",\"name\":\"mr-president\",\"image\":{\"@type\":\"ImageObject\",\"inLanguage\":\"it-IT\",\"@id\":\"https:\\\/\\\/secure.gravatar.com\\\/avatar\\\/76b52fb8764cdb0f95ba8e28b29f47ac849cbeb8b5bc7b55aa910d7c874e0788?s=96&d=mm&r=g\",\"url\":\"https:\\\/\\\/secure.gravatar.com\\\/avatar\\\/76b52fb8764cdb0f95ba8e28b29f47ac849cbeb8b5bc7b55aa910d7c874e0788?s=96&d=mm&r=g\",\"contentUrl\":\"https:\\\/\\\/secure.gravatar.com\\\/avatar\\\/76b52fb8764cdb0f95ba8e28b29f47ac849cbeb8b5bc7b55aa910d7c874e0788?s=96&d=mm&r=g\",\"caption\":\"mr-president\"},\"url\":\"https:\\\/\\\/www.perfas.org\\\/it\\\/author\\\/peter-schorn\\\/\"}]}<\/script>\n<!-- \/ Yoast SEO plugin. -->","yoast_head_json":{"title":"EAIPA Politics in Focus #3 l'8 maggio: \"Social Responsability of Art\" - Perfas - Performing Artists Association South Tyrol","robots":{"index":"index","follow":"follow","max-snippet":"max-snippet:-1","max-image-preview":"max-image-preview:large","max-video-preview":"max-video-preview:-1"},"canonical":"https:\/\/www.perfas.org\/it\/community-it\/eaipa-politics-in-focus-3-l8-maggio-social-responsability-of-art\/","og_locale":"it_IT","og_type":"article","og_title":"EAIPA Politics in Focus #3 l'8 maggio: \"Social Responsability of Art\" - Perfas - Performing Artists Association South Tyrol","og_description":"In un recente comunicato sulle condizioni di lavoro dell\u0259 artist\u0259, l&#8217;Unione Europea ha ribadito il proprio impegno a sostenere la libert\u00e0 artistica in tutti i Paesi membri. Tuttavia, poich\u00e9 i dibattiti culturali sono diventati sempre pi\u00f9 politicizzati, soprattutto nei Paesi con governi pi\u00f9 autoritari, il ruolo dell&#8217;artista come agente sociale deve essere riesaminato: Che responsabilit\u00e0 [&hellip;]","og_url":"https:\/\/www.perfas.org\/it\/community-it\/eaipa-politics-in-focus-3-l8-maggio-social-responsability-of-art\/","og_site_name":"Perfas - Performing Artists Association South Tyrol","article_publisher":"https:\/\/www.facebook.com\/perfassouthtyrol","article_published_time":"2025-05-08T08:23:17+00:00","og_image":[{"width":1920,"height":1080,"url":"https:\/\/www.perfas.org\/wp-content\/uploads\/2025\/05\/eaipa3.jpg","type":"image\/jpeg"}],"author":"mr-president","twitter_card":"summary_large_image","twitter_misc":{"Scritto da":"mr-president","Tempo di lettura stimato":"2 minuti"},"schema":{"@context":"https:\/\/schema.org","@graph":[{"@type":"Article","@id":"https:\/\/www.perfas.org\/it\/community-it\/eaipa-politics-in-focus-3-l8-maggio-social-responsability-of-art\/#article","isPartOf":{"@id":"https:\/\/www.perfas.org\/it\/community-it\/eaipa-politics-in-focus-3-l8-maggio-social-responsability-of-art\/"},"author":{"name":"mr-president","@id":"https:\/\/www.perfas.org\/it\/#\/schema\/person\/07933d87112463e676d2fd1db1e0472e"},"headline":"EAIPA Politics in Focus #3 l&#8217;8 maggio: &#8220;Social Responsability of Art&#8221;","datePublished":"2025-05-08T08:23:17+00:00","mainEntityOfPage":{"@id":"https:\/\/www.perfas.org\/it\/community-it\/eaipa-politics-in-focus-3-l8-maggio-social-responsability-of-art\/"},"wordCount":358,"publisher":{"@id":"https:\/\/www.perfas.org\/it\/#organization"},"image":{"@id":"https:\/\/www.perfas.org\/it\/community-it\/eaipa-politics-in-focus-3-l8-maggio-social-responsability-of-art\/#primaryimage"},"thumbnailUrl":"https:\/\/www.perfas.org\/wp-content\/uploads\/2025\/05\/eaipa3.jpg","articleSection":["Community","Events","Society"],"inLanguage":"it-IT"},{"@type":"WebPage","@id":"https:\/\/www.perfas.org\/it\/community-it\/eaipa-politics-in-focus-3-l8-maggio-social-responsability-of-art\/","url":"https:\/\/www.perfas.org\/it\/community-it\/eaipa-politics-in-focus-3-l8-maggio-social-responsability-of-art\/","name":"EAIPA Politics in Focus #3 l'8 maggio: \"Social Responsability of Art\" - Perfas - Performing Artists Association South Tyrol","isPartOf":{"@id":"https:\/\/www.perfas.org\/it\/#website"},"primaryImageOfPage":{"@id":"https:\/\/www.perfas.org\/it\/community-it\/eaipa-politics-in-focus-3-l8-maggio-social-responsability-of-art\/#primaryimage"},"image":{"@id":"https:\/\/www.perfas.org\/it\/community-it\/eaipa-politics-in-focus-3-l8-maggio-social-responsability-of-art\/#primaryimage"},"thumbnailUrl":"https:\/\/www.perfas.org\/wp-content\/uploads\/2025\/05\/eaipa3.jpg","datePublished":"2025-05-08T08:23:17+00:00","breadcrumb":{"@id":"https:\/\/www.perfas.org\/it\/community-it\/eaipa-politics-in-focus-3-l8-maggio-social-responsability-of-art\/#breadcrumb"},"inLanguage":"it-IT","potentialAction":[{"@type":"ReadAction","target":["https:\/\/www.perfas.org\/it\/community-it\/eaipa-politics-in-focus-3-l8-maggio-social-responsability-of-art\/"]}]},{"@type":"ImageObject","inLanguage":"it-IT","@id":"https:\/\/www.perfas.org\/it\/community-it\/eaipa-politics-in-focus-3-l8-maggio-social-responsability-of-art\/#primaryimage","url":"https:\/\/www.perfas.org\/wp-content\/uploads\/2025\/05\/eaipa3.jpg","contentUrl":"https:\/\/www.perfas.org\/wp-content\/uploads\/2025\/05\/eaipa3.jpg","width":1920,"height":1080,"caption":"EAIPA Politics in Focus #3"},{"@type":"BreadcrumbList","@id":"https:\/\/www.perfas.org\/it\/community-it\/eaipa-politics-in-focus-3-l8-maggio-social-responsability-of-art\/#breadcrumb","itemListElement":[{"@type":"ListItem","position":1,"name":"Home","item":"https:\/\/www.perfas.org\/it\/home\/"},{"@type":"ListItem","position":2,"name":"EAIPA Politics in Focus #3 l&#8217;8 maggio: &#8222;Social Responsability of Art&#8220;"}]},{"@type":"WebSite","@id":"https:\/\/www.perfas.org\/it\/#website","url":"https:\/\/www.perfas.org\/it\/","name":"Perfas - Performing Artists Association South Tyrol","description":"Performing Artists Association South Tyrol","publisher":{"@id":"https:\/\/www.perfas.org\/it\/#organization"},"potentialAction":[{"@type":"SearchAction","target":{"@type":"EntryPoint","urlTemplate":"https:\/\/www.perfas.org\/it\/?s={search_term_string}"},"query-input":{"@type":"PropertyValueSpecification","valueRequired":true,"valueName":"search_term_string"}}],"inLanguage":"it-IT"},{"@type":"Organization","@id":"https:\/\/www.perfas.org\/it\/#organization","name":"Perfas - Performing Artists Association South Tyrol","url":"https:\/\/www.perfas.org\/it\/","logo":{"@type":"ImageObject","inLanguage":"it-IT","@id":"https:\/\/www.perfas.org\/it\/#\/schema\/logo\/image\/","url":"https:\/\/www.perfas.org\/wp-content\/uploads\/2025\/04\/Perfas-Sharing-Logo.jpg","contentUrl":"https:\/\/www.perfas.org\/wp-content\/uploads\/2025\/04\/Perfas-Sharing-Logo.jpg","width":1800,"height":1200,"caption":"Perfas - Performing Artists Association South Tyrol"},"image":{"@id":"https:\/\/www.perfas.org\/it\/#\/schema\/logo\/image\/"},"sameAs":["https:\/\/www.facebook.com\/perfassouthtyrol","https:\/\/www.instagram.com\/perfassouthtyrol\/?fbclid=IwY2xjawJja09leHRuA2FlbQIxMAABHnKfgxnFvyAn9_XWaByWHKh1pgm0WtwT-dMrkGxbQ75I2_VDz7TphhqT_hv4_aem_SS04VcZmda7xdoUSx56hCg#"]},{"@type":"Person","@id":"https:\/\/www.perfas.org\/it\/#\/schema\/person\/07933d87112463e676d2fd1db1e0472e","name":"mr-president","image":{"@type":"ImageObject","inLanguage":"it-IT","@id":"https:\/\/secure.gravatar.com\/avatar\/76b52fb8764cdb0f95ba8e28b29f47ac849cbeb8b5bc7b55aa910d7c874e0788?s=96&d=mm&r=g","url":"https:\/\/secure.gravatar.com\/avatar\/76b52fb8764cdb0f95ba8e28b29f47ac849cbeb8b5bc7b55aa910d7c874e0788?s=96&d=mm&r=g","contentUrl":"https:\/\/secure.gravatar.com\/avatar\/76b52fb8764cdb0f95ba8e28b29f47ac849cbeb8b5bc7b55aa910d7c874e0788?s=96&d=mm&r=g","caption":"mr-president"},"url":"https:\/\/www.perfas.org\/it\/author\/peter-schorn\/"}]}},"_links":{"self":[{"href":"https:\/\/www.perfas.org\/it\/wp-json\/wp\/v2\/posts\/4069","targetHints":{"allow":["GET"]}}],"collection":[{"href":"https:\/\/www.perfas.org\/it\/wp-json\/wp\/v2\/posts"}],"about":[{"href":"https:\/\/www.perfas.org\/it\/wp-json\/wp\/v2\/types\/post"}],"author":[{"embeddable":true,"href":"https:\/\/www.perfas.org\/it\/wp-json\/wp\/v2\/users\/4"}],"replies":[{"embeddable":true,"href":"https:\/\/www.perfas.org\/it\/wp-json\/wp\/v2\/comments?post=4069"}],"version-history":[{"count":0,"href":"https:\/\/www.perfas.org\/it\/wp-json\/wp\/v2\/posts\/4069\/revisions"}],"wp:featuredmedia":[{"embeddable":true,"href":"https:\/\/www.perfas.org\/it\/wp-json\/wp\/v2\/media\/4064"}],"wp:attachment":[{"href":"https:\/\/www.perfas.org\/it\/wp-json\/wp\/v2\/media?parent=4069"}],"wp:term":[{"taxonomy":"category","embeddable":true,"href":"https:\/\/www.perfas.org\/it\/wp-json\/wp\/v2\/categories?post=4069"},{"taxonomy":"post_tag","embeddable":true,"href":"https:\/\/www.perfas.org\/it\/wp-json\/wp\/v2\/tags?post=4069"}],"curies":[{"name":"wp","href":"https:\/\/api.w.org\/{rel}","templated":true}]}}